{"id":369,"date":"2024-06-18T15:18:19","date_gmt":"2024-06-18T13:18:19","guid":{"rendered":"https:\/\/recyclerie-nouvelle-r.fr\/?p=369"},"modified":"2024-06-18T15:20:00","modified_gmt":"2024-06-18T13:20:00","slug":"369","status":"publish","type":"post","link":"https:\/\/recyclerie-nouvelle-r.fr\/index.php\/2024\/06\/18\/369\/","title":{"rendered":"Horaires d&rsquo;\u00e9t\u00e9 d\u00e9chetteries"},"content":{"rendered":"<div><\/div>\n<div><\/div>\n<div><\/div>\n<div style=\"text-align: center;\"><span style=\"font-family: georgia, palatino, serif; font-size: 20px;\"><img loading=\"lazy\" decoding=\"async\" class=\"alignnone size-medium wp-image-370\" src=\"https:\/\/recyclerie-nouvelle-r.fr\/wp-content\/uploads\/2024\/06\/Dechetterie-VRA-300x200.jpg\" alt=\"\" width=\"300\" height=\"200\" srcset=\"https:\/\/recyclerie-nouvelle-r.fr\/wp-content\/uploads\/2024\/06\/Dechetterie-VRA-300x200.jpg 300w, https:\/\/recyclerie-nouvelle-r.fr\/wp-content\/uploads\/2024\/06\/Dechetterie-VRA-768x512.jpg 768w, https:\/\/recyclerie-nouvelle-r.fr\/wp-content\/uploads\/2024\/06\/Dechetterie-VRA.jpg 810w\" sizes=\"auto, (max-width: 300px) 100vw, 300px\" \/><\/span><\/div>\n<div style=\"text-align: center;\"><span style=\"font-family: georgia, palatino, serif; font-size: 20px;\">Cet \u00e9t\u00e9 les d\u00e9chetteries appliquent des horaires d&rsquo;ouvertures am\u00e9nag\u00e9s selon les modalit\u00e9s suivantes :<\/span><\/div>\n<p>&nbsp;<\/p>\n<p><span style=\"color: #000080;\"><strong><span style=\"font-family: georgia, palatino, serif; font-size: 20px;\">D\u00e9chetterie de Saint Donat<\/span><\/strong><\/span><\/p>\n<p><span style=\"font-family: georgia, palatino, serif; font-size: 20px;\">&#8211; du 1er juillet 2024 au\u00a0<span id=\"v1v1v1OBJ_PREFIX_DWT1578_com_zimbra_date\" class=\"v1v1v1Object\">31 ao\u00fbt 2024<\/span><\/span><\/p>\n<div><span style=\"font-family: georgia, palatino, serif; font-size: 20px;\">&#8211; 7h-12h15 et 12h45-14h<\/span><\/div>\n<div><\/div>\n<div><strong><span style=\"font-family: georgia, palatino, serif; font-size: 20px; color: #ff00ff;\">D\u00e9chetteries de Valence Romans Agglo(dont Romans et Bourg de p\u00e9age)<\/span><\/strong><\/div>\n<div><span style=\"font-family: georgia, palatino, serif; font-size: 20px;\">Du 15 juin au 31 ao\u00fbt 2024<\/span><\/div>\n<div><span style=\"font-family: georgia, palatino, serif; font-size: 20px;\">-7h30-14h<\/span><\/div>\n<div><\/div>\n","protected":false},"excerpt":{"rendered":"<p>Cet \u00e9t\u00e9 les d\u00e9chetteries appliquent des horaires d&rsquo;ouvertures am\u00e9nag\u00e9s selon les modalit\u00e9s suivantes : &nbsp; D\u00e9chetterie de Saint Donat &#8211; du 1er juillet 2024 au\u00a031 ao\u00fbt 2024 &#8211; 7h-12h15 et <a class=\"more-link\" href=\"https:\/\/recyclerie-nouvelle-r.fr\/index.php\/2024\/06\/18\/369\/\">Lire la suite &rarr;<\/a><\/p>\n","protected":false},"author":2,"featured_media":370,"comment_status":"closed","ping_status":"closed","sticky":false,"template":"","format":"standard","meta":{"footnotes":""},"categories":[5],"tags":[],"class_list":["post-369","post","type-post","status-publish","format-standard","has-post-thumbnail","hentry","category-infos_pratiques"],"_links":{"self":[{"href":"https:\/\/recyclerie-nouvelle-r.fr\/index.php\/wp-json\/wp\/v2\/posts\/369","targetHints":{"allow":["GET"]}}],"collection":[{"href":"https:\/\/recyclerie-nouvelle-r.fr\/index.php\/wp-json\/wp\/v2\/posts"}],"about":[{"href":"https:\/\/recyclerie-nouvelle-r.fr\/index.php\/wp-json\/wp\/v2\/types\/post"}],"author":[{"embeddable":true,"href":"https:\/\/recyclerie-nouvelle-r.fr\/index.php\/wp-json\/wp\/v2\/users\/2"}],"replies":[{"embeddable":true,"href":"https:\/\/recyclerie-nouvelle-r.fr\/index.php\/wp-json\/wp\/v2\/comments?post=369"}],"version-history":[{"count":2,"href":"https:\/\/recyclerie-nouvelle-r.fr\/index.php\/wp-json\/wp\/v2\/posts\/369\/revisions"}],"predecessor-version":[{"id":372,"href":"https:\/\/recyclerie-nouvelle-r.fr\/index.php\/wp-json\/wp\/v2\/posts\/369\/revisions\/372"}],"wp:featuredmedia":[{"embeddable":true,"href":"https:\/\/recyclerie-nouvelle-r.fr\/index.php\/wp-json\/wp\/v2\/media\/370"}],"wp:attachment":[{"href":"https:\/\/recyclerie-nouvelle-r.fr\/index.php\/wp-json\/wp\/v2\/media?parent=369"}],"wp:term":[{"taxonomy":"category","embeddable":true,"href":"https:\/\/recyclerie-nouvelle-r.fr\/index.php\/wp-json\/wp\/v2\/categories?post=369"},{"taxonomy":"post_tag","embeddable":true,"href":"https:\/\/recyclerie-nouvelle-r.fr\/index.php\/wp-json\/wp\/v2\/tags?post=369"}],"curies":[{"name":"wp","href":"https:\/\/api.w.org\/{rel}","templated":true}]}}